{"id":5873,"date":"2022-12-19T11:31:59","date_gmt":"2022-12-19T10:31:59","guid":{"rendered":"https:\/\/www.relevi.it\/?p=5873"},"modified":"2025-07-16T11:04:46","modified_gmt":"2025-07-16T09:04:46","slug":"relevi-en-television-en-sky","status":"publish","type":"post","link":"https:\/\/www.relevi.it\/es\/relevi-en-television-en-sky\/","title":{"rendered":"RELEVI <br>en televisi\u00f3n en SKY"},"content":{"rendered":"\n<p><\/p>\n\n\n\n<div class=\"wp-block-columns is-layout-flex wp-container-core-columns-is-layout-9d6595d7 wp-block-columns-is-layout-flex\">\n<div class=\"wp-block-column is-layout-flow wp-block-column-is-layout-flow\" style=\"flex-basis:66.66%\">\n<p><strong>RELEVI EN TELEVISI\u00d3N EN SKY BUSINESS 24<\/strong><\/p>\n\n\n\n<p>El pasado 19 de diciembre se emiti\u00f3 la entrevista a nuestro CEO Paolo Iacono.<\/p>\n\n\n\n<p><strong>RELEVI ha sido la protagonista de un episodio de IMPRESE POSSIBILI (Empresas posibles),<\/strong> un programa de SKY Business 24 presentado por Ilenia De Sena.<\/p>\n\n\n\n<p>Hemos hablado de nuestra historia, nuestra misi\u00f3n, c\u00f3mo y d\u00f3nde se desarrolla nuestro negocio, adem\u00e1s de nuestros objetivos y estrategias empresariales en el futuro pr\u00f3ximo.<br><\/p>\n\n\n\n<p>No queremos desvelarte todo el contenido...jAs\u00ed podr\u00e1s descubrirlo t\u00fa directamente!<\/p>\n\n\n\n<p>Que disfrutes del programa.<\/p>\n\n\n\n<p><a href=\"https:\/\/www.relevi.it\/es\/productos\/marca-relevi\/\">Marca Relevi<\/a><\/p>\n<\/div>\n\n\n\n<div class=\"wp-block-column is-layout-flow wp-block-column-is-layout-flow\" style=\"flex-basis:33.33%\">\n<figure class=\"wp-block-image size-large\"><img loading=\"lazy\" decoding=\"async\" width=\"1024\" height=\"768\" src=\"http:\/\/www.relevi.it\/wp-content\/uploads\/2022\/12\/Iacono-only-1-1024x768.png\" alt=\"\" class=\"wp-image-5897\" srcset=\"https:\/\/www.relevi.it\/wp-content\/uploads\/2022\/12\/Iacono-only-1-1024x768.png 1024w, https:\/\/www.relevi.it\/wp-content\/uploads\/2022\/12\/Iacono-only-1-300x225.png 300w, https:\/\/www.relevi.it\/wp-content\/uploads\/2022\/12\/Iacono-only-1-768x576.png 768w, https:\/\/www.relevi.it\/wp-content\/uploads\/2022\/12\/Iacono-only-1-1536x1152.png 1536w, https:\/\/www.relevi.it\/wp-content\/uploads\/2022\/12\/Iacono-only-1.png 2016w\" sizes=\"auto, (max-width: 1024px) 100vw, 1024px\" \/><\/figure>\n<\/div>\n<\/div>\n\n\n\n<figure class=\"wp-block-embed is-type-video is-provider-youtube wp-block-embed-youtube wp-embed-aspect-16-9 wp-has-aspect-ratio\"><div class=\"wp-block-embed__wrapper\">\n<iframe loading=\"lazy\" title=\"Intervista SKY a Dr. Paolo Iacono per RELEVI - SUB ENG\" width=\"500\" height=\"281\" src=\"https:\/\/www.youtube.com\/embed\/8g7Yp3k9-cg?feature=oembed\" frameborder=\"0\" allow=\"accelerometer; autoplay; clipboard-write; encrypted-media; gyroscope; picture-in-picture; web-share\" referrerpolicy=\"strict-origin-when-cross-origin\" allowfullscreen><\/iframe>\n<\/div><\/figure>\n","protected":false},"excerpt":{"rendered":"<p>RELEVI ha sido la protagonista de un episodio de IMPRESE POSSIBILI (Empresas posibles), un programa de SKY Business 24 presentado por Ilenia De Sena. La interesante entrevista a nuestro CEO Paolo Iacono trat\u00f3 sobre el mundo empresarial y las estrategias para el futuro. <\/p>\n","protected":false},"author":2,"featured_media":5883,"comment_status":"closed","ping_status":"closed","sticky":true,"template":"","format":"standard","meta":{"_acf_changed":false,"footnotes":""},"categories":[84,64],"tags":[],"class_list":["post-5873","post","type-post","status-publish","format-standard","has-post-thumbnail","hentry","category-empresa-es","category-empresa"],"acf":[],"yoast_head":"<!-- This site is optimized with the Yoast SEO plugin v26.4 - https:\/\/yoast.com\/wordpress\/plugins\/seo\/ -->\n<title>RELEVI en televisi\u00f3n en SKY - Relevi Relevi %<\/title>\n<meta name=\"description\" content=\"RELEVI ha sido la protagonista de un episodio de IMPRESE POSSIBILI (Empresas posibles), un programa de SKY Business 24 presentado por Ilenia De Sena. La interesante entrevista a nuestro CEO Paolo Iacono trat\u00f3 sobre el mundo empresarial y las estrategias para el futuro.\" \/>\n<meta name=\"robots\" content=\"index, follow, max-snippet:-1, max-image-preview:large, max-video-preview:-1\" \/>\n<link rel=\"canonical\" href=\"http:\/\/www.relevi.it\/es\/relevi-en-television-en-sky\/\" \/>\n<meta property=\"og:locale\" content=\"es_ES\" \/>\n<meta property=\"og:type\" content=\"article\" \/>\n<meta property=\"og:title\" content=\"RELEVI en televisi\u00f3n en SKY - Relevi Relevi %\" \/>\n<meta property=\"og:description\" content=\"RELEVI ha sido la protagonista de un episodio de IMPRESE POSSIBILI (Empresas posibles), un programa de SKY Business 24 presentado por Ilenia De Sena. La interesante entrevista a nuestro CEO Paolo Iacono trat\u00f3 sobre el mundo empresarial y las estrategias para el futuro.\" \/>\n<meta property=\"og:url\" content=\"http:\/\/www.relevi.it\/es\/relevi-en-television-en-sky\/\" \/>\n<meta property=\"og:site_name\" content=\"Relevi\" \/>\n<meta property=\"article:publisher\" content=\"https:\/\/www.facebook.com\/RELEVISPA\" \/>\n<meta property=\"article:published_time\" content=\"2022-12-19T10:31:59+00:00\" \/>\n<meta property=\"article:modified_time\" content=\"2025-07-16T09:04:46+00:00\" \/>\n<meta property=\"og:image\" content=\"http:\/\/www.relevi.it\/wp-content\/uploads\/2022\/12\/foto-completa.png\" \/>\n\t<meta property=\"og:image:width\" content=\"2016\" \/>\n\t<meta property=\"og:image:height\" content=\"1512\" \/>\n\t<meta property=\"og:image:type\" content=\"image\/png\" \/>\n<meta name=\"author\" content=\"RELEVI SPA\" \/>\n<meta name=\"twitter:card\" content=\"summary_large_image\" \/>\n<meta name=\"twitter:label1\" content=\"Escrito por\" \/>\n\t<meta name=\"twitter:data1\" content=\"RELEVI SPA\" \/>\n\t<meta name=\"twitter:label2\" content=\"Tiempo de lectura\" \/>\n\t<meta name=\"twitter:data2\" content=\"1 minuto\" \/>\n<script type=\"application\/ld+json\" class=\"yoast-schema-graph\">{\"@context\":\"https:\/\/schema.org\",\"@graph\":[{\"@type\":\"Article\",\"@id\":\"http:\/\/www.relevi.it\/es\/relevi-en-television-en-sky\/#article\",\"isPartOf\":{\"@id\":\"http:\/\/www.relevi.it\/es\/relevi-en-television-en-sky\/\"},\"author\":{\"name\":\"RELEVI SPA\",\"@id\":\"https:\/\/www.relevi.it\/es\/#\/schema\/person\/ac281a6426c423a13c6abc0ce22c56bf\"},\"headline\":\"RELEVI en televisi\u00f3n en SKY\",\"datePublished\":\"2022-12-19T10:31:59+00:00\",\"dateModified\":\"2025-07-16T09:04:46+00:00\",\"mainEntityOfPage\":{\"@id\":\"http:\/\/www.relevi.it\/es\/relevi-en-television-en-sky\/\"},\"wordCount\":104,\"publisher\":{\"@id\":\"https:\/\/www.relevi.it\/es\/#organization\"},\"image\":{\"@id\":\"http:\/\/www.relevi.it\/es\/relevi-en-television-en-sky\/#primaryimage\"},\"thumbnailUrl\":\"https:\/\/www.relevi.it\/wp-content\/uploads\/2022\/12\/foto-completa.png\",\"articleSection\":[\"Empresa\",\"Empresa\"],\"inLanguage\":\"es\"},{\"@type\":\"WebPage\",\"@id\":\"http:\/\/www.relevi.it\/es\/relevi-en-television-en-sky\/\",\"url\":\"http:\/\/www.relevi.it\/es\/relevi-en-television-en-sky\/\",\"name\":\"RELEVI en televisi\u00f3n en SKY - Relevi Relevi %\",\"isPartOf\":{\"@id\":\"https:\/\/www.relevi.it\/es\/#website\"},\"primaryImageOfPage\":{\"@id\":\"http:\/\/www.relevi.it\/es\/relevi-en-television-en-sky\/#primaryimage\"},\"image\":{\"@id\":\"http:\/\/www.relevi.it\/es\/relevi-en-television-en-sky\/#primaryimage\"},\"thumbnailUrl\":\"https:\/\/www.relevi.it\/wp-content\/uploads\/2022\/12\/foto-completa.png\",\"datePublished\":\"2022-12-19T10:31:59+00:00\",\"dateModified\":\"2025-07-16T09:04:46+00:00\",\"description\":\"RELEVI ha sido la protagonista de un episodio de IMPRESE POSSIBILI (Empresas posibles), un programa de SKY Business 24 presentado por Ilenia De Sena. La interesante entrevista a nuestro CEO Paolo Iacono trat\u00f3 sobre el mundo empresarial y las estrategias para el futuro.\",\"breadcrumb\":{\"@id\":\"http:\/\/www.relevi.it\/es\/relevi-en-television-en-sky\/#breadcrumb\"},\"inLanguage\":\"es\",\"potentialAction\":[{\"@type\":\"ReadAction\",\"target\":[\"http:\/\/www.relevi.it\/es\/relevi-en-television-en-sky\/\"]}]},{\"@type\":\"ImageObject\",\"inLanguage\":\"es\",\"@id\":\"http:\/\/www.relevi.it\/es\/relevi-en-television-en-sky\/#primaryimage\",\"url\":\"https:\/\/www.relevi.it\/wp-content\/uploads\/2022\/12\/foto-completa.png\",\"contentUrl\":\"https:\/\/www.relevi.it\/wp-content\/uploads\/2022\/12\/foto-completa.png\",\"width\":2016,\"height\":1512},{\"@type\":\"BreadcrumbList\",\"@id\":\"http:\/\/www.relevi.it\/es\/relevi-en-television-en-sky\/#breadcrumb\",\"itemListElement\":[{\"@type\":\"ListItem\",\"position\":1,\"name\":\"Relevi\",\"item\":\"https:\/\/www.relevi.it\/es\/\"},{\"@type\":\"ListItem\",\"position\":2,\"name\":\"Azienda\",\"item\":\"http:\/\/www.relevi.it\/category\/azienda\/\"},{\"@type\":\"ListItem\",\"position\":3,\"name\":\"RELEVI en televisi\u00f3n en SKY\"}]},{\"@type\":\"WebSite\",\"@id\":\"https:\/\/www.relevi.it\/es\/#website\",\"url\":\"https:\/\/www.relevi.it\/es\/\",\"name\":\"Relevi\",\"description\":\"Prodotti per l\u2019igiene e la deodorazione della casa\",\"publisher\":{\"@id\":\"https:\/\/www.relevi.it\/es\/#organization\"},\"potentialAction\":[{\"@type\":\"SearchAction\",\"target\":{\"@type\":\"EntryPoint\",\"urlTemplate\":\"https:\/\/www.relevi.it\/es\/?s={search_term_string}\"},\"query-input\":{\"@type\":\"PropertyValueSpecification\",\"valueRequired\":true,\"valueName\":\"search_term_string\"}}],\"inLanguage\":\"es\"},{\"@type\":\"Organization\",\"@id\":\"https:\/\/www.relevi.it\/es\/#organization\",\"name\":\"Relevi SPA\",\"url\":\"https:\/\/www.relevi.it\/es\/\",\"logo\":{\"@type\":\"ImageObject\",\"inLanguage\":\"es\",\"@id\":\"https:\/\/www.relevi.it\/es\/#\/schema\/logo\/image\/\",\"url\":\"https:\/\/www.relevi.it\/wp-content\/uploads\/2021\/12\/relevi_logo.png\",\"contentUrl\":\"https:\/\/www.relevi.it\/wp-content\/uploads\/2021\/12\/relevi_logo.png\",\"width\":3126,\"height\":2036,\"caption\":\"Relevi SPA\"},\"image\":{\"@id\":\"https:\/\/www.relevi.it\/es\/#\/schema\/logo\/image\/\"},\"sameAs\":[\"https:\/\/www.facebook.com\/RELEVISPA\",\"https:\/\/www.linkedin.com\/company\/relevi-spa\/\"]},{\"@type\":\"Person\",\"@id\":\"https:\/\/www.relevi.it\/es\/#\/schema\/person\/ac281a6426c423a13c6abc0ce22c56bf\",\"name\":\"RELEVI SPA\",\"image\":{\"@type\":\"ImageObject\",\"inLanguage\":\"es\",\"@id\":\"https:\/\/www.relevi.it\/es\/#\/schema\/person\/image\/\",\"url\":\"https:\/\/www.relevi.it\/wp-content\/litespeed\/avatar\/2bae8449f37ee8f6a6fa659cd1712013.jpg?ver=1777370175\",\"contentUrl\":\"https:\/\/www.relevi.it\/wp-content\/litespeed\/avatar\/2bae8449f37ee8f6a6fa659cd1712013.jpg?ver=1777370175\",\"caption\":\"RELEVI SPA\"},\"url\":\"https:\/\/www.relevi.it\/es\/author\/graziella\/\"}]}<\/script>\n<!-- \/ Yoast SEO plugin. -->","yoast_head_json":{"title":"RELEVI en televisi\u00f3n en SKY - Relevi Relevi %","description":"RELEVI ha sido la protagonista de un episodio de IMPRESE POSSIBILI (Empresas posibles), un programa de SKY Business 24 presentado por Ilenia De Sena. La interesante entrevista a nuestro CEO Paolo Iacono trat\u00f3 sobre el mundo empresarial y las estrategias para el futuro.","robots":{"index":"index","follow":"follow","max-snippet":"max-snippet:-1","max-image-preview":"max-image-preview:large","max-video-preview":"max-video-preview:-1"},"canonical":"http:\/\/www.relevi.it\/es\/relevi-en-television-en-sky\/","og_locale":"es_ES","og_type":"article","og_title":"RELEVI en televisi\u00f3n en SKY - Relevi Relevi %","og_description":"RELEVI ha sido la protagonista de un episodio de IMPRESE POSSIBILI (Empresas posibles), un programa de SKY Business 24 presentado por Ilenia De Sena. La interesante entrevista a nuestro CEO Paolo Iacono trat\u00f3 sobre el mundo empresarial y las estrategias para el futuro.","og_url":"http:\/\/www.relevi.it\/es\/relevi-en-television-en-sky\/","og_site_name":"Relevi","article_publisher":"https:\/\/www.facebook.com\/RELEVISPA","article_published_time":"2022-12-19T10:31:59+00:00","article_modified_time":"2025-07-16T09:04:46+00:00","og_image":[{"width":2016,"height":1512,"url":"http:\/\/www.relevi.it\/wp-content\/uploads\/2022\/12\/foto-completa.png","type":"image\/png"}],"author":"RELEVI SPA","twitter_card":"summary_large_image","twitter_misc":{"Escrito por":"RELEVI SPA","Tiempo de lectura":"1 minuto"},"schema":{"@context":"https:\/\/schema.org","@graph":[{"@type":"Article","@id":"http:\/\/www.relevi.it\/es\/relevi-en-television-en-sky\/#article","isPartOf":{"@id":"http:\/\/www.relevi.it\/es\/relevi-en-television-en-sky\/"},"author":{"name":"RELEVI SPA","@id":"https:\/\/www.relevi.it\/es\/#\/schema\/person\/ac281a6426c423a13c6abc0ce22c56bf"},"headline":"RELEVI en televisi\u00f3n en SKY","datePublished":"2022-12-19T10:31:59+00:00","dateModified":"2025-07-16T09:04:46+00:00","mainEntityOfPage":{"@id":"http:\/\/www.relevi.it\/es\/relevi-en-television-en-sky\/"},"wordCount":104,"publisher":{"@id":"https:\/\/www.relevi.it\/es\/#organization"},"image":{"@id":"http:\/\/www.relevi.it\/es\/relevi-en-television-en-sky\/#primaryimage"},"thumbnailUrl":"https:\/\/www.relevi.it\/wp-content\/uploads\/2022\/12\/foto-completa.png","articleSection":["Empresa","Empresa"],"inLanguage":"es"},{"@type":"WebPage","@id":"http:\/\/www.relevi.it\/es\/relevi-en-television-en-sky\/","url":"http:\/\/www.relevi.it\/es\/relevi-en-television-en-sky\/","name":"RELEVI en televisi\u00f3n en SKY - Relevi Relevi %","isPartOf":{"@id":"https:\/\/www.relevi.it\/es\/#website"},"primaryImageOfPage":{"@id":"http:\/\/www.relevi.it\/es\/relevi-en-television-en-sky\/#primaryimage"},"image":{"@id":"http:\/\/www.relevi.it\/es\/relevi-en-television-en-sky\/#primaryimage"},"thumbnailUrl":"https:\/\/www.relevi.it\/wp-content\/uploads\/2022\/12\/foto-completa.png","datePublished":"2022-12-19T10:31:59+00:00","dateModified":"2025-07-16T09:04:46+00:00","description":"RELEVI ha sido la protagonista de un episodio de IMPRESE POSSIBILI (Empresas posibles), un programa de SKY Business 24 presentado por Ilenia De Sena. La interesante entrevista a nuestro CEO Paolo Iacono trat\u00f3 sobre el mundo empresarial y las estrategias para el futuro.","breadcrumb":{"@id":"http:\/\/www.relevi.it\/es\/relevi-en-television-en-sky\/#breadcrumb"},"inLanguage":"es","potentialAction":[{"@type":"ReadAction","target":["http:\/\/www.relevi.it\/es\/relevi-en-television-en-sky\/"]}]},{"@type":"ImageObject","inLanguage":"es","@id":"http:\/\/www.relevi.it\/es\/relevi-en-television-en-sky\/#primaryimage","url":"https:\/\/www.relevi.it\/wp-content\/uploads\/2022\/12\/foto-completa.png","contentUrl":"https:\/\/www.relevi.it\/wp-content\/uploads\/2022\/12\/foto-completa.png","width":2016,"height":1512},{"@type":"BreadcrumbList","@id":"http:\/\/www.relevi.it\/es\/relevi-en-television-en-sky\/#breadcrumb","itemListElement":[{"@type":"ListItem","position":1,"name":"Relevi","item":"https:\/\/www.relevi.it\/es\/"},{"@type":"ListItem","position":2,"name":"Azienda","item":"http:\/\/www.relevi.it\/category\/azienda\/"},{"@type":"ListItem","position":3,"name":"RELEVI en televisi\u00f3n en SKY"}]},{"@type":"WebSite","@id":"https:\/\/www.relevi.it\/es\/#website","url":"https:\/\/www.relevi.it\/es\/","name":"Relevi","description":"Prodotti per l\u2019igiene e la deodorazione della casa","publisher":{"@id":"https:\/\/www.relevi.it\/es\/#organization"},"potentialAction":[{"@type":"SearchAction","target":{"@type":"EntryPoint","urlTemplate":"https:\/\/www.relevi.it\/es\/?s={search_term_string}"},"query-input":{"@type":"PropertyValueSpecification","valueRequired":true,"valueName":"search_term_string"}}],"inLanguage":"es"},{"@type":"Organization","@id":"https:\/\/www.relevi.it\/es\/#organization","name":"Relevi SPA","url":"https:\/\/www.relevi.it\/es\/","logo":{"@type":"ImageObject","inLanguage":"es","@id":"https:\/\/www.relevi.it\/es\/#\/schema\/logo\/image\/","url":"https:\/\/www.relevi.it\/wp-content\/uploads\/2021\/12\/relevi_logo.png","contentUrl":"https:\/\/www.relevi.it\/wp-content\/uploads\/2021\/12\/relevi_logo.png","width":3126,"height":2036,"caption":"Relevi SPA"},"image":{"@id":"https:\/\/www.relevi.it\/es\/#\/schema\/logo\/image\/"},"sameAs":["https:\/\/www.facebook.com\/RELEVISPA","https:\/\/www.linkedin.com\/company\/relevi-spa\/"]},{"@type":"Person","@id":"https:\/\/www.relevi.it\/es\/#\/schema\/person\/ac281a6426c423a13c6abc0ce22c56bf","name":"RELEVI SPA","image":{"@type":"ImageObject","inLanguage":"es","@id":"https:\/\/www.relevi.it\/es\/#\/schema\/person\/image\/","url":"https:\/\/www.relevi.it\/wp-content\/litespeed\/avatar\/2bae8449f37ee8f6a6fa659cd1712013.jpg?ver=1777370175","contentUrl":"https:\/\/www.relevi.it\/wp-content\/litespeed\/avatar\/2bae8449f37ee8f6a6fa659cd1712013.jpg?ver=1777370175","caption":"RELEVI SPA"},"url":"https:\/\/www.relevi.it\/es\/author\/graziella\/"}]}},"_links":{"self":[{"href":"https:\/\/www.relevi.it\/es\/wp-json\/wp\/v2\/posts\/5873","targetHints":{"allow":["GET"]}}],"collection":[{"href":"https:\/\/www.relevi.it\/es\/wp-json\/wp\/v2\/posts"}],"about":[{"href":"https:\/\/www.relevi.it\/es\/wp-json\/wp\/v2\/types\/post"}],"author":[{"embeddable":true,"href":"https:\/\/www.relevi.it\/es\/wp-json\/wp\/v2\/users\/2"}],"replies":[{"embeddable":true,"href":"https:\/\/www.relevi.it\/es\/wp-json\/wp\/v2\/comments?post=5873"}],"version-history":[{"count":9,"href":"https:\/\/www.relevi.it\/es\/wp-json\/wp\/v2\/posts\/5873\/revisions"}],"predecessor-version":[{"id":8589,"href":"https:\/\/www.relevi.it\/es\/wp-json\/wp\/v2\/posts\/5873\/revisions\/8589"}],"wp:featuredmedia":[{"embeddable":true,"href":"https:\/\/www.relevi.it\/es\/wp-json\/wp\/v2\/media\/5883"}],"wp:attachment":[{"href":"https:\/\/www.relevi.it\/es\/wp-json\/wp\/v2\/media?parent=5873"}],"wp:term":[{"taxonomy":"category","embeddable":true,"href":"https:\/\/www.relevi.it\/es\/wp-json\/wp\/v2\/categories?post=5873"},{"taxonomy":"post_tag","embeddable":true,"href":"https:\/\/www.relevi.it\/es\/wp-json\/wp\/v2\/tags?post=5873"}],"curies":[{"name":"wp","href":"https:\/\/api.w.org\/{rel}","templated":true}]}}